{"id":2239,"date":"2024-02-15T15:04:59","date_gmt":"2024-02-15T15:04:59","guid":{"rendered":"https:\/\/ecomof.org\/?p=2239"},"modified":"2024-02-15T19:45:27","modified_gmt":"2024-02-15T19:45:27","slug":"llham-dienta-ait-addi-ingenieur-geologue-consultante-internationale-formatrice-et-coach-professionnelle-entrepreneur-femme-politique","status":"publish","type":"post","link":"https:\/\/ecomof.org\/en\/speakers\/llham-dienta-ait-addi-ingenieur-geologue-consultante-internationale-formatrice-et-coach-professionnelle-entrepreneur-femme-politique\/","title":{"rendered":"llham DIENTA Ait Addi, Geological Engineer, International Consultant, Professional Trainer and Coach, Entrepreneur, Politician"},"content":{"rendered":"<p>Madame llham Ait Addi est d\u00e9tentrice d&#8217;une licence en g\u00e9ologie \u00e0 la facult\u00e9 CADDY AYYAD des sciences de Marrakech et d&#8217;un Master Il (MBA) en management des projets et ing\u00e9nierie commerciale de l&#8217;universit\u00e9 internationale Sup Management en collaboration avec l&#8217;universit\u00e9 Euro-am\u00e9ricaine.<\/p>\n\n\n\n<p><br><strong>Exp\u00e9riences professionnelles<\/strong> :<\/p>\n\n\n\n<ul class=\"wp-block-list\">\n<li>Juin 2000: formation sur la p\u00e9dagogie , cette formation a b\u00e9n\u00e9fici\u00e9 d&#8217;un support du FNUAP.<\/li>\n\n\n\n<li>F\u00e9vrier 2003 \u00e0 juillet 2005 : consultante en communication au sein de la soci\u00e9t\u00e9 ENSHA (moyen orient).<\/li>\n\n\n\n<li>Octobre 2005 \u00e0 novembre 2007 : consultante en communication au sein de la soci\u00e9t\u00e9 D&amp;D Trading<\/li>\n\n\n\n<li>Janvier 2008 \u00e0 nos jours : consultante aupr\u00e8s d&#8217;une grande soci\u00e9t\u00e9 Am\u00e9ricaine \u00ab FOREVER LIVING PRODUCTS INTERNATIONAL \u00bb.<\/li>\n\n\n\n<li>23 juillet 2008 \u00e0 2012 : Directrice commerciale charg\u00e9e de la communication au plan national et international au sein de la soci\u00e9t\u00e9 3C GEJI.<\/li>\n\n\n\n<li>Depuis Mai 2012 : j&#8217;ai cr\u00e9\u00e9 ma propre soci\u00e9t\u00e9 d\u00e9nomm\u00e9e \u00ab Ciwara Event Organisation \u00bb, qui intervient dans les domaines suivants :<\/li>\n\n\n\n<li>Marketing, communication, entreprenariat, accompagnements des investisseurs<\/li>\n\n\n\n<li>Depuis 2022 : coordinatrice nationale Maroc-Mali au sein la chambre de commerce Africaine bas\u00e9e \u00e0 Dallas ( African chamber of commerce Fort Worth ).<\/li>\n\n\n\n<li>2023 : Ambassadrice aupr\u00e8s de PHANEROSIS GLOBAL PLATFORM qui a pour mission la cr\u00e9ation et la construction des synergies d&#8217;affaires entre les acteurs du secteur priv\u00e9 africain et anglophone en collaboration avec le secr\u00e9tariat de la zlecaf.<\/li>\n<\/ul>\n\n\n\n<p><strong>Certifications <\/strong>:<\/p>\n\n\n\n<ul class=\"wp-block-list\">\n<li>2021 : Formation sur l&#8217;entreprenariat f\u00e9minin dans le secteur minier dans l&#8217;espace UEMOA.<\/li>\n\n\n\n<li>2022 : Formation sur la gouvernance du secteur minier cilans le district de Bamako (Mali).<\/li>\n\n\n\n<li>2022 : Formation sur la commercialisation responsable du secteur minier au Mali (promotion d&#8217;un Mali sans mercure) (pro-MsM), en collaboration avec le minist\u00e8re malien de l&#8217;\u00e9nergie et de l&#8217;eau et le d\u00e9partement de l&#8217;\u00e9tat des Etats-Unis au Mali.<\/li>\n\n\n\n<li>2022 -2023 : Formation en EXECUTIVE LEADERSHIP &amp; ENTREPRENARIAT : D\u00e9velopper son r\u00f4le de leader et d&#8217;entrepreneur\/ HEC<br>PARIS.<\/li>\n\n\n\n<li>2023 : Formation dans la fourniture des biens et services aux mines\/ centre de formation de la CHAMBRE DE COMMERCE CANADA MALI &#8211; ASSOCIATION.<br>Elle op\u00e8re actuellement comme consultante internationale ; Formatrice et Coach aupr\u00e8s des femmes qui souhaitent mettre en place des structures priv\u00e9es dans le domaine du secteur minier et formation continue en relation avec secteur d&#8217;activit\u00e9.<br>:<br>La mise en place d&#8217;un processus d&#8217;accompagnement des femmes mini\u00e8res de Kangaba (cr\u00e9ation des petites et moyennes entreprises dans le secteur de transformation des mati\u00e8res premi\u00e8res maliennes) et encourager et soutenir le \u00ab Made in Mali \u00bb.<br>La mise en place d&#8217;un bureau de repr\u00e9sentation d&#8217;une universit\u00e9 internationale \u00ab Universiapolis \u00bb d&#8217;Agadir pour permettre aux femmes d&#8217;acc\u00e9der \u00e0 des formations de qualit\u00e9.<br>Projet \u00e0 moyen terme de cr\u00e9ation d&#8217;une acad\u00e9mie d&#8217;excellence pour les jeunes filles.<br>Madame Dienta llham Ait Addi est aussi \u00e9crivaine elle fait partie de R\u00e9seau malien des femmes \u00e9crivaines du Mali et de la diaspora<br>En cours de publication Madame Dienta a trois livres ; \u00e0 savoir :<br>\u2022 Le jour o\u00f9 je suis devenue libre<br>\u2022 Les secrets de ma grand-m\u00e8re<br>\u2022 Mariage mixte vertus et effets\u00a0secondaires<\/li>\n<\/ul>","protected":false},"excerpt":{"rendered":"<p>Madame llham Ait Addi est d\u00e9tentrice d&#8217;une licence en g\u00e9ologie \u00e0 la facult\u00e9 CADDY AYYAD des sciences de Marrakech et d&#8217;un Master Il (MBA) en management des projets et ing\u00e9nierie commerciale de l&#8217;universit\u00e9 internationale Sup Management en collaboration avec l&#8217;universit\u00e9 Euro-am\u00e9ricaine. Exp\u00e9riences professionnelles : Certifications :<\/p>","protected":false},"author":1,"featured_media":2210,"comment_status":"closed","ping_status":"closed","sticky":false,"template":"","format":"standard","meta":{"_eb_attr":"","footnotes":""},"categories":[12],"tags":[],"yst_prominent_words":[],"class_list":["post-2239","post","type-post","status-publish","format-standard","has-post-thumbnail","hentry","category-speakers"],"_links":{"self":[{"href":"https:\/\/ecomof.org\/en\/wp-json\/wp\/v2\/posts\/2239","targetHints":{"allow":["GET"]}}],"collection":[{"href":"https:\/\/ecomof.org\/en\/wp-json\/wp\/v2\/posts"}],"about":[{"href":"https:\/\/ecomof.org\/en\/wp-json\/wp\/v2\/types\/post"}],"author":[{"embeddable":true,"href":"https:\/\/ecomof.org\/en\/wp-json\/wp\/v2\/users\/1"}],"replies":[{"embeddable":true,"href":"https:\/\/ecomof.org\/en\/wp-json\/wp\/v2\/comments?post=2239"}],"version-history":[{"count":1,"href":"https:\/\/ecomof.org\/en\/wp-json\/wp\/v2\/posts\/2239\/revisions"}],"predecessor-version":[{"id":2240,"href":"https:\/\/ecomof.org\/en\/wp-json\/wp\/v2\/posts\/2239\/revisions\/2240"}],"wp:featuredmedia":[{"embeddable":true,"href":"https:\/\/ecomof.org\/en\/wp-json\/wp\/v2\/media\/2210"}],"wp:attachment":[{"href":"https:\/\/ecomof.org\/en\/wp-json\/wp\/v2\/media?parent=2239"}],"wp:term":[{"taxonomy":"category","embeddable":true,"href":"https:\/\/ecomof.org\/en\/wp-json\/wp\/v2\/categories?post=2239"},{"taxonomy":"post_tag","embeddable":true,"href":"https:\/\/ecomof.org\/en\/wp-json\/wp\/v2\/tags?post=2239"},{"taxonomy":"yst_prominent_words","embeddable":true,"href":"https:\/\/ecomof.org\/en\/wp-json\/wp\/v2\/yst_prominent_words?post=2239"}],"curies":[{"name":"wp","href":"https:\/\/api.w.org\/{rel}","templated":true}]}}