{"id":2148,"date":"2024-02-14T11:05:09","date_gmt":"2024-02-14T11:05:09","guid":{"rendered":"https:\/\/ecomof.org\/?p=2148"},"modified":"2024-02-16T14:47:39","modified_gmt":"2024-02-16T14:47:39","slug":"professeur-abdellah-mouttaqi-expert-en-developpement-minier","status":"publish","type":"post","link":"https:\/\/ecomof.org\/en\/moderateur\/professeur-abdellah-mouttaqi-expert-en-developpement-minier\/","title":{"rendered":"Professor Abdellah MOUTTAQI, Expert in mining development"},"content":{"rendered":"<p><\/p>\n\n\n\n<p>Expert en d\u00e9veloppement minier, Professeur Affili\u00e9 \u00e0 l\u2019Universit\u00e9 Mohammed VI Polytechnique et membre du Conseil Economique, Social et Environnemental (CESE), Abdellah MOUTTAQI a \u00e9t\u00e9 Secr\u00e9taire G\u00e9n\u00e9ral de l\u2019Office National des Hydrocarbures et des Mines (ONHYM), administrateur de plusieurs compagnies mini\u00e8res, pr\u00e9sident du Comit\u00e9 des Hauts Fonctionnaires du CTS sur le Commerce, l\u2019Industrie et les Ressources Mini\u00e8res de l\u2019Union africaine (2019-2020), rapporteur du th\u00e8me changements climatiques au sein de l\u2019Union des Conseils Economiques et Sociaux et Institutions Similaires d\u2019Afrique (UCESA). Il est rapporteur de l\u2019avis du CESE adopt\u00e9 en f\u00e9vrier 2023\u00a0et intitul\u00e9 \u00ab\u00a0Les minerais strat\u00e9giques et critiques contributeurs \u00e0 la souverainet\u00e9 industrielle du Maroc\u00a0\u00bb. Il est \u00e9galement l\u2019Expert national pour la r\u00e9alisation de l\u2019\u00e9tude mandat\u00e9e par Centre Africain de D\u00e9veloppement Minier sur l\u2019alignement des politiques mini\u00e8res du Maroc sur la Vision mini\u00e8re africaine. Abdellah MOUTTAQI est titulaire d\u2019un doctorat d\u2019Etat en m\u00e9tallog\u00e9nie en 1997 \u00e0 l\u2019Universit\u00e9 Cadi Ayyad de Marrakech, Maroc.<\/p>","protected":false},"excerpt":{"rendered":"<p>Expert en d\u00e9veloppement minier, Professeur Affili\u00e9 \u00e0 l\u2019Universit\u00e9 Mohammed VI Polytechnique et membre du Conseil Economique, Social et Environnemental (CESE), Abdellah MOUTTAQI a \u00e9t\u00e9 Secr\u00e9taire G\u00e9n\u00e9ral de l\u2019Office National des Hydrocarbures et des Mines (ONHYM), administrateur de plusieurs compagnies mini\u00e8res, pr\u00e9sident du Comit\u00e9 des Hauts Fonctionnaires du CTS sur le Commerce, l\u2019Industrie et les Ressources [&hellip;]<\/p>","protected":false},"author":1,"featured_media":2149,"comment_status":"closed","ping_status":"closed","sticky":false,"template":"","format":"standard","meta":{"_eb_attr":"","footnotes":""},"categories":[15],"tags":[],"yst_prominent_words":[],"class_list":["post-2148","post","type-post","status-publish","format-standard","has-post-thumbnail","hentry","category-moderateur"],"_links":{"self":[{"href":"https:\/\/ecomof.org\/en\/wp-json\/wp\/v2\/posts\/2148","targetHints":{"allow":["GET"]}}],"collection":[{"href":"https:\/\/ecomof.org\/en\/wp-json\/wp\/v2\/posts"}],"about":[{"href":"https:\/\/ecomof.org\/en\/wp-json\/wp\/v2\/types\/post"}],"author":[{"embeddable":true,"href":"https:\/\/ecomof.org\/en\/wp-json\/wp\/v2\/users\/1"}],"replies":[{"embeddable":true,"href":"https:\/\/ecomof.org\/en\/wp-json\/wp\/v2\/comments?post=2148"}],"version-history":[{"count":2,"href":"https:\/\/ecomof.org\/en\/wp-json\/wp\/v2\/posts\/2148\/revisions"}],"predecessor-version":[{"id":2319,"href":"https:\/\/ecomof.org\/en\/wp-json\/wp\/v2\/posts\/2148\/revisions\/2319"}],"wp:featuredmedia":[{"embeddable":true,"href":"https:\/\/ecomof.org\/en\/wp-json\/wp\/v2\/media\/2149"}],"wp:attachment":[{"href":"https:\/\/ecomof.org\/en\/wp-json\/wp\/v2\/media?parent=2148"}],"wp:term":[{"taxonomy":"category","embeddable":true,"href":"https:\/\/ecomof.org\/en\/wp-json\/wp\/v2\/categories?post=2148"},{"taxonomy":"post_tag","embeddable":true,"href":"https:\/\/ecomof.org\/en\/wp-json\/wp\/v2\/tags?post=2148"},{"taxonomy":"yst_prominent_words","embeddable":true,"href":"https:\/\/ecomof.org\/en\/wp-json\/wp\/v2\/yst_prominent_words?post=2148"}],"curies":[{"name":"wp","href":"https:\/\/api.w.org\/{rel}","templated":true}]}}