{"id":1971,"date":"2024-01-31T16:04:46","date_gmt":"2024-01-31T16:04:46","guid":{"rendered":"https:\/\/ecomof.org\/?p=1971"},"modified":"2024-02-15T20:33:52","modified_gmt":"2024-02-15T20:33:52","slug":"adama-soro-president-de-la-federation-des-chambres-de-mines-de-la-cedeao-efedcom","status":"publish","type":"post","link":"https:\/\/ecomof.org\/en\/speakers\/adama-soro-president-de-la-federation-des-chambres-de-mines-de-la-cedeao-efedcom\/","title":{"rendered":"ADAMA SORO, President of the Federation of ECOWAS Chambers of Mines (EFEDCOM)"},"content":{"rendered":"<p>M. Adama Soro est le pr\u00e9sident de la F\u00e9d\u00e9ration des Chambres de Mines de la CEDEAO (EFEDCOM), repr\u00e9sentant sept pays membres. Prix PADEV du Meilleur Promoteur Minier Africain \u00e0 Kigali, au Rwanda, en 2022, M. Adama Soro \u00e9tait pr\u00e9c\u00e9demment Pr\u00e9sident de la Chambre des Mines du Burkina Faso. Avant cela, il a \u00e9t\u00e9 un membre actif du conseil d\u2019administration de cette m\u00eame organisation, occupant le poste de Pr\u00e9sident de la Commission RSE et Communications de 2016 \u00e0 2021.<\/p>\n\n\n\n<p>M. Adama Soro est par ailleurs l\u2019actuel Vice-Pr\u00e9sident Groupe de la Performance Sociale chez Endeavour Mining et Vice-Pr\u00e9sident des Affaires Publiques pour le Burkina Faso. Pr\u00e9c\u00e9demment, il avait occup\u00e9 le poste de Directeur Pays Du m\u00eame groupe pour le Burkina Faso de janvier 2018 \u00e0 janvier 2021 avant de porter la double casquette de Directeur Pays et Vice-Pr\u00e9sident Affaire Publique pour le Burkina Faso en janvier 2021.<\/p>\n\n\n\n<p>Avec plus de 23 ann\u00e9es d&#8217;exp\u00e9riences, M. Adama Soro peut se pr\u00e9valoir d&#8217;une solide exp\u00e9rience, et d\u2019une bonne connaissance du secteur minier de fa\u00e7on g\u00e9n\u00e9ral et celui Africain de fa\u00e7on particuli\u00e8re. &nbsp;Il est anim\u00e9 par le d\u00e9sir de maximiser les avantages du secteur minier et d&#8217;am\u00e9liorer ses retomb\u00e9es sociales et \u00e9conomiques pour les communaut\u00e9s locales.<\/p>","protected":false},"excerpt":{"rendered":"<p>M. Adama Soro est le pr\u00e9sident de la F\u00e9d\u00e9ration des Chambres de Mines de la CEDEAO (EFEDCOM), repr\u00e9sentant sept pays membres. Prix PADEV du Meilleur Promoteur Minier Africain \u00e0 Kigali, au Rwanda, en 2022, M. Adama Soro \u00e9tait pr\u00e9c\u00e9demment Pr\u00e9sident de la Chambre des Mines du Burkina Faso. Avant cela, il a \u00e9t\u00e9 un membre [&hellip;]<\/p>","protected":false},"author":1,"featured_media":2078,"comment_status":"closed","ping_status":"closed","sticky":false,"template":"","format":"standard","meta":{"_eb_attr":"","footnotes":""},"categories":[12],"tags":[],"yst_prominent_words":[],"class_list":["post-1971","post","type-post","status-publish","format-standard","has-post-thumbnail","hentry","category-speakers"],"_links":{"self":[{"href":"https:\/\/ecomof.org\/en\/wp-json\/wp\/v2\/posts\/1971","targetHints":{"allow":["GET"]}}],"collection":[{"href":"https:\/\/ecomof.org\/en\/wp-json\/wp\/v2\/posts"}],"about":[{"href":"https:\/\/ecomof.org\/en\/wp-json\/wp\/v2\/types\/post"}],"author":[{"embeddable":true,"href":"https:\/\/ecomof.org\/en\/wp-json\/wp\/v2\/users\/1"}],"replies":[{"embeddable":true,"href":"https:\/\/ecomof.org\/en\/wp-json\/wp\/v2\/comments?post=1971"}],"version-history":[{"count":1,"href":"https:\/\/ecomof.org\/en\/wp-json\/wp\/v2\/posts\/1971\/revisions"}],"predecessor-version":[{"id":1972,"href":"https:\/\/ecomof.org\/en\/wp-json\/wp\/v2\/posts\/1971\/revisions\/1972"}],"wp:featuredmedia":[{"embeddable":true,"href":"https:\/\/ecomof.org\/en\/wp-json\/wp\/v2\/media\/2078"}],"wp:attachment":[{"href":"https:\/\/ecomof.org\/en\/wp-json\/wp\/v2\/media?parent=1971"}],"wp:term":[{"taxonomy":"category","embeddable":true,"href":"https:\/\/ecomof.org\/en\/wp-json\/wp\/v2\/categories?post=1971"},{"taxonomy":"post_tag","embeddable":true,"href":"https:\/\/ecomof.org\/en\/wp-json\/wp\/v2\/tags?post=1971"},{"taxonomy":"yst_prominent_words","embeddable":true,"href":"https:\/\/ecomof.org\/en\/wp-json\/wp\/v2\/yst_prominent_words?post=1971"}],"curies":[{"name":"wp","href":"https:\/\/api.w.org\/{rel}","templated":true}]}}