{"id":1969,"date":"2024-01-31T16:02:34","date_gmt":"2024-01-31T16:02:34","guid":{"rendered":"https:\/\/ecomof.org\/?p=1969"},"modified":"2024-02-16T14:38:24","modified_gmt":"2024-02-16T14:38:24","slug":"kelome-nelly-enseignant-chercheur","status":"publish","type":"post","link":"https:\/\/ecomof.org\/en\/moderateur\/kelome-nelly-enseignant-chercheur\/","title":{"rendered":"KELOME Nelly, Lecturer-Researcher"},"content":{"rendered":"<p>Nelly Carine KELOME est titulaire d\u2019un doctorat en Sciences de la Terre et de l\u2019Environnement, soutenu en 2006 \u00e0 Dijon (France). Recrut\u00e9e la m\u00eame ann\u00e9e au D\u00e9partement des Sciences de la Terre de la Facult\u00e9 des Sciences et Techniques (FAST) de l\u2019UAC, Nelly Carine KELOME a int\u00e9gr\u00e9 le laboratoire G\u00e9ologie, Mines et Environnement (LaboGME), o\u00f9 elle concentre ses travaux d\u2019enseignement et de recherche. En juillet 2018, elle a atteint le grade de Professeur Titulaire des universit\u00e9s du CAMES dans la sp\u00e9cialit\u00e9 de la g\u00e9ologie de l&#8217;environnement. Elle a occup\u00e9 plusieurs fonctions acad\u00e9miques et administratives \u00e0 l\u2019Universit\u00e9 d\u2019Abomey-Calavi, notamment en tant que Chef du Service de la Coop\u00e9ration Internationale, directrice adjointe du Centre Universitaire de la Formation Continue, chef et chef-adjoint du D\u00e9partement des Sciences de la Terre. Elle a une vie associative assez riche, \u00e9tant membre de la Chaire UNESCO \u00ab Femme, Sciences, Technologies et D\u00e9veloppement \u00bb, vice-pr\u00e9sidente du Bureau Ex\u00e9cutif de l\u2019Association des Femmes pour l\u2019Education, la Formation et la Recherche Scientifiques du B\u00e9nin (AFEFRS-B\u00e9nin), membre de l\u2019Association des G\u00e9ologues du B\u00e9nin, membre de la Soci\u00e9t\u00e9 G\u00e9ologique Africaine, et membre de la Soci\u00e9t\u00e9 fran\u00e7aise des Isotopes Stables. Depuis octobre 2021, elle occupe la fonction de Vice-Recteur charg\u00e9 de la Coop\u00e9ration \u00e0 l\u2019UAC.<\/p>","protected":false},"excerpt":{"rendered":"<p>Nelly Carine KELOME est titulaire d\u2019un doctorat en Sciences de la Terre et de l\u2019Environnement, soutenu en 2006 \u00e0 Dijon (France). Recrut\u00e9e la m\u00eame ann\u00e9e au D\u00e9partement des Sciences de la Terre de la Facult\u00e9 des Sciences et Techniques (FAST) de l\u2019UAC, Nelly Carine KELOME a int\u00e9gr\u00e9 le laboratoire G\u00e9ologie, Mines et Environnement (LaboGME), o\u00f9 [&hellip;]<\/p>","protected":false},"author":1,"featured_media":2079,"comment_status":"closed","ping_status":"closed","sticky":false,"template":"","format":"standard","meta":{"_eb_attr":"","footnotes":""},"categories":[15],"tags":[],"yst_prominent_words":[],"class_list":["post-1969","post","type-post","status-publish","format-standard","has-post-thumbnail","hentry","category-moderateur"],"_links":{"self":[{"href":"https:\/\/ecomof.org\/en\/wp-json\/wp\/v2\/posts\/1969","targetHints":{"allow":["GET"]}}],"collection":[{"href":"https:\/\/ecomof.org\/en\/wp-json\/wp\/v2\/posts"}],"about":[{"href":"https:\/\/ecomof.org\/en\/wp-json\/wp\/v2\/types\/post"}],"author":[{"embeddable":true,"href":"https:\/\/ecomof.org\/en\/wp-json\/wp\/v2\/users\/1"}],"replies":[{"embeddable":true,"href":"https:\/\/ecomof.org\/en\/wp-json\/wp\/v2\/comments?post=1969"}],"version-history":[{"count":2,"href":"https:\/\/ecomof.org\/en\/wp-json\/wp\/v2\/posts\/1969\/revisions"}],"predecessor-version":[{"id":2318,"href":"https:\/\/ecomof.org\/en\/wp-json\/wp\/v2\/posts\/1969\/revisions\/2318"}],"wp:featuredmedia":[{"embeddable":true,"href":"https:\/\/ecomof.org\/en\/wp-json\/wp\/v2\/media\/2079"}],"wp:attachment":[{"href":"https:\/\/ecomof.org\/en\/wp-json\/wp\/v2\/media?parent=1969"}],"wp:term":[{"taxonomy":"category","embeddable":true,"href":"https:\/\/ecomof.org\/en\/wp-json\/wp\/v2\/categories?post=1969"},{"taxonomy":"post_tag","embeddable":true,"href":"https:\/\/ecomof.org\/en\/wp-json\/wp\/v2\/tags?post=1969"},{"taxonomy":"yst_prominent_words","embeddable":true,"href":"https:\/\/ecomof.org\/en\/wp-json\/wp\/v2\/yst_prominent_words?post=1969"}],"curies":[{"name":"wp","href":"https:\/\/api.w.org\/{rel}","templated":true}]}}